{"id":575,"date":"2022-06-09T06:46:36","date_gmt":"2022-06-09T04:46:36","guid":{"rendered":"https:\/\/stadtkirche-geretsried.de\/nk\/?p=575"},"modified":"2022-08-08T06:40:27","modified_gmt":"2022-08-08T04:40:27","slug":"300-jaehriges-weihejubilaeum-am-18-september-2022","status":"publish","type":"post","link":"https:\/\/stadtkirche-geretsried.de\/nk\/300-jaehriges-weihejubilaeum-am-18-september-2022\/","title":{"rendered":"300-j\u00e4hriges Weihejubil\u00e4um am 18. September 2022"},"content":{"rendered":"\n<div class=\"wp-block-image\"><figure class=\"aligncenter size-full\"><img loading=\"lazy\" decoding=\"async\" width=\"400\" height=\"300\" src=\"https:\/\/stadtkirche-geretsried.de\/nk\/wp-content\/uploads\/2022\/06\/Nikolauskapelle-24_1.png\" alt=\"\" class=\"wp-image-605\" srcset=\"https:\/\/stadtkirche-geretsried.de\/nk\/wp-content\/uploads\/2022\/06\/Nikolauskapelle-24_1.png 400w, https:\/\/stadtkirche-geretsried.de\/nk\/wp-content\/uploads\/2022\/06\/Nikolauskapelle-24_1-300x225.png 300w\" sizes=\"(max-width: 400px) 100vw, 400px\" \/><\/figure><\/div>\n\n\n\n<p><strong>Festprogramm bei der St. Nikolaus-Kapelle<\/strong><\/p>\n\n\n\n<p>Mit Ihrer finanziellen Unterst\u00fctzung sollte es uns gelingen, dieses Kleinod den Menschen unserer Stadt als das \u00e4lteste Kulturgut f\u00fcr die kommenden Generationen, zu erhalten. Das Weihejubil\u00e4um soll f\u00fcr uns ein Ansporn sein, christliche Werte und Kulturgut wieder in unser Bewusstsein zu r\u00fccken. Wir laden Sie sehr herzlich zu unserem Festgottesdienst ein, den wir zusammen mit kirchlichen und weltlichen W\u00fcrdentr\u00e4gern, sowie unseren Landsmannschaften als Feldgottesdienst vor der Nikolauskirche am<\/p>\n\n\n\n<p><strong>Sonntag, den 18. September 2022 um 10.00 Uhr feiern!<\/strong><\/p>\n\n\n\n<p>Bei schlechtem Wetter findet der Gottesdienst in der Pfarrkirche Maria Hilf statt. Anschlie\u00dfend treffen wir uns im Pfarrhof von Maria-Hilf, wo dann unser <strong>traditionelles Pfarrfest <\/strong>stattfindet.<\/p>\n\n\n\n<p class=\"has-text-align-center\"><em>Bei der St. Nikolaus-Kapelle und Umgebung gibt es <strong>keine Parkpl\u00e4tze!<\/strong><br>Am Sonntag um 09:20 Uhr f\u00e4hrt ein Shuttle-Bus von Maria-Hilf<br>zur St. Nikolaus-Kapelle und nach dem Festgottesdienst wieder zur\u00fcck.<\/em><\/p>\n\n\n\n<p>Schon am <strong>Samstagabend<\/strong> wollen wir diesen festlichen Tag des Weihejubil\u00e4ums mit einer Lichterandacht um 21.00 Uhr einl\u00e4uten. Bereits ab 19.30 Uhr wird es verschiedene Angebote vor und in der Nikolauskirche geben <strong>\u201e Andachten einfach anders\u201c\u2026<\/strong><\/p>\n\n\n\n<p><strong>Ihr Pfarrer Andreas Vogelmeier<\/strong><\/p>\n\n\n\n<div data-wp-interactive=\"\" class=\"wp-block-file\"><object data-wp-bind--hidden=\"!selectors.core.file.hasPdfPreview\" hidden class=\"wp-block-file__embed\" data=\"https:\/\/stadtkirche-geretsried.de\/nk\/wp-content\/uploads\/2022\/08\/Festschrift_St_Nikolaus_niedrige_Aufloesung.pdf\" type=\"application\/pdf\" style=\"width:100%;height:964px\" aria-label=\"Einbettung von Einbettung von Festschrift_St_Nikolaus_niedrige_Aufloesung..\"><\/object><a href=\"https:\/\/stadtkirche-geretsried.de\/nk\/wp-content\/uploads\/2022\/08\/Festschrift_St_Nikolaus_niedrige_Aufloesung.pdf\">Festschrift_St_Nikolaus_niedrige_Aufloesung<\/a><a href=\"https:\/\/stadtkirche-geretsried.de\/nk\/wp-content\/uploads\/2022\/08\/Festschrift_St_Nikolaus_niedrige_Aufloesung.pdf\" class=\"wp-block-file__button\" download>Herunterladen<\/a><\/div>\n","protected":false},"excerpt":{"rendered":"<p>Festprogramm bei der St. Nikolaus-Kapelle Mit Ihrer finanziellen Unterst\u00fctzung sollte es uns gelingen, dieses Kleinod den Menschen unserer Stadt als das \u00e4lteste Kulturgut f\u00fcr die kommenden Generationen, zu erhalten. Das Weihejubil\u00e4um soll f\u00fcr uns ein Ansporn sein, christliche Werte und Kulturgut wieder in unser Bewusstsein zu r\u00fccken. Wir laden Sie sehr herzlich zu unserem Festgottesdienst [&hellip;]<\/p>\n","protected":false},"author":1,"featured_media":0,"comment_status":"closed","ping_status":"closed","sticky":false,"template":"","format":"standard","meta":{"footnotes":""},"categories":[1],"tags":[],"_links":{"self":[{"href":"https:\/\/stadtkirche-geretsried.de\/nk\/wp-json\/wp\/v2\/posts\/575"}],"collection":[{"href":"https:\/\/stadtkirche-geretsried.de\/nk\/wp-json\/wp\/v2\/posts"}],"about":[{"href":"https:\/\/stadtkirche-geretsried.de\/nk\/wp-json\/wp\/v2\/types\/post"}],"author":[{"embeddable":true,"href":"https:\/\/stadtkirche-geretsried.de\/nk\/wp-json\/wp\/v2\/users\/1"}],"replies":[{"embeddable":true,"href":"https:\/\/stadtkirche-geretsried.de\/nk\/wp-json\/wp\/v2\/comments?post=575"}],"version-history":[{"count":4,"href":"https:\/\/stadtkirche-geretsried.de\/nk\/wp-json\/wp\/v2\/posts\/575\/revisions"}],"predecessor-version":[{"id":796,"href":"https:\/\/stadtkirche-geretsried.de\/nk\/wp-json\/wp\/v2\/posts\/575\/revisions\/796"}],"wp:attachment":[{"href":"https:\/\/stadtkirche-geretsried.de\/nk\/wp-json\/wp\/v2\/media?parent=575"}],"wp:term":[{"taxonomy":"category","embeddable":true,"href":"https:\/\/stadtkirche-geretsried.de\/nk\/wp-json\/wp\/v2\/categories?post=575"},{"taxonomy":"post_tag","embeddable":true,"href":"https:\/\/stadtkirche-geretsried.de\/nk\/wp-json\/wp\/v2\/tags?post=575"}],"curies":[{"name":"wp","href":"https:\/\/api.w.org\/{rel}","templated":true}]}}