{"id":239,"date":"2020-06-14T12:19:01","date_gmt":"2020-06-14T10:19:01","guid":{"rendered":"https:\/\/stadtkirche-geretsried.de\/nk\/?p=239"},"modified":"2022-06-29T16:09:51","modified_gmt":"2022-06-29T14:09:51","slug":"das-doppelkreuz","status":"publish","type":"post","link":"https:\/\/stadtkirche-geretsried.de\/nk\/das-doppelkreuz\/","title":{"rendered":"Das Doppelkreuz"},"content":{"rendered":"\n<p>Das&nbsp;<strong>Doppelkreuz<\/strong>&nbsp;( lateinisch &#8222;crux gemina&#8220;, das hei\u00dft Zwillingskreuz ) d\u00fcrfte dadurch entstanden sein, dass \u00fcber dem Querholz des Kreuzes die Aufschriftentafel st\u00e4rker betont wurde. Seine Entstehungszeit l\u00e4sst sich nicht genau feststellen. Im 6. Jahrhundert findet es sich bereits in S\u00fcdfrankreich. Sp\u00e4ter wurde das Doppelkreuz Bestandteil der byzantinischen und russischen Kunst. Es galt auch als Erkennungszeichen der K\u00f6nige von Ungarn, des Ritterordens vom Heiligen Grab und des Patriarchen von Jerusalem, daher auch die Bezeichnung&nbsp;<strong>Patriarchenkreuz<\/strong>. Ende des 15. Jahrhunderts war es Bestandteil des Wappens der Herz\u00f6ge von Lothringen. Es wurde daher auch als&nbsp;<strong>Lothringer Kreuz<\/strong>&nbsp;bezeichnet. In unserer Gegend nennt man das Doppelkreuz auch&nbsp;<strong>&#8222;Kreuz von Scheyern&#8220;<\/strong>. In der Benediktiner-Abtei Scheyern, in der N\u00e4he von Pfaffenhofen an der Ilm wird seit dem Jahr 1180 eine Kreuzpartikel in einem Reliquiar aufbewahrt, das als besondere Verzierung das Doppelkreuz aufweist.<\/p>\n\n\n\n<div class=\"wp-block-image is-style-default\"><figure class=\"aligncenter size-large\"><img loading=\"lazy\" decoding=\"async\" width=\"1024\" height=\"801\" src=\"https:\/\/stadtkirche-geretsried.de\/nk\/wp-content\/uploads\/2022\/06\/SNK_Dachkreuze-1024x801.jpg\" alt=\"\" class=\"wp-image-663\" srcset=\"https:\/\/stadtkirche-geretsried.de\/nk\/wp-content\/uploads\/2022\/06\/SNK_Dachkreuze-1024x801.jpg 1024w, https:\/\/stadtkirche-geretsried.de\/nk\/wp-content\/uploads\/2022\/06\/SNK_Dachkreuze-300x235.jpg 300w, https:\/\/stadtkirche-geretsried.de\/nk\/wp-content\/uploads\/2022\/06\/SNK_Dachkreuze-768x601.jpg 768w, https:\/\/stadtkirche-geretsried.de\/nk\/wp-content\/uploads\/2022\/06\/SNK_Dachkreuze-624x488.jpg 624w, https:\/\/stadtkirche-geretsried.de\/nk\/wp-content\/uploads\/2022\/06\/SNK_Dachkreuze.jpg 1351w\" sizes=\"(max-width: 1024px) 100vw, 1024px\" \/><figcaption><em>Doppelkreuz auf dem Zentralbau und dem Turm<\/em><\/figcaption><\/figure><\/div>\n","protected":false},"excerpt":{"rendered":"<p>Das&nbsp;Doppelkreuz&nbsp;( lateinisch &#8222;crux gemina&#8220;, das hei\u00dft Zwillingskreuz ) d\u00fcrfte dadurch entstanden sein, dass \u00fcber dem Querholz des Kreuzes die Aufschriftentafel st\u00e4rker betont wurde. Seine Entstehungszeit l\u00e4sst sich nicht genau feststellen. Im 6. Jahrhundert findet es sich bereits in S\u00fcdfrankreich. Sp\u00e4ter wurde das Doppelkreuz Bestandteil der byzantinischen und russischen Kunst. Es galt auch als Erkennungszeichen der [&hellip;]<\/p>\n","protected":false},"author":1,"featured_media":0,"comment_status":"closed","ping_status":"closed","sticky":false,"template":"","format":"standard","meta":{"footnotes":""},"categories":[1],"tags":[],"_links":{"self":[{"href":"https:\/\/stadtkirche-geretsried.de\/nk\/wp-json\/wp\/v2\/posts\/239"}],"collection":[{"href":"https:\/\/stadtkirche-geretsried.de\/nk\/wp-json\/wp\/v2\/posts"}],"about":[{"href":"https:\/\/stadtkirche-geretsried.de\/nk\/wp-json\/wp\/v2\/types\/post"}],"author":[{"embeddable":true,"href":"https:\/\/stadtkirche-geretsried.de\/nk\/wp-json\/wp\/v2\/users\/1"}],"replies":[{"embeddable":true,"href":"https:\/\/stadtkirche-geretsried.de\/nk\/wp-json\/wp\/v2\/comments?post=239"}],"version-history":[{"count":3,"href":"https:\/\/stadtkirche-geretsried.de\/nk\/wp-json\/wp\/v2\/posts\/239\/revisions"}],"predecessor-version":[{"id":664,"href":"https:\/\/stadtkirche-geretsried.de\/nk\/wp-json\/wp\/v2\/posts\/239\/revisions\/664"}],"wp:attachment":[{"href":"https:\/\/stadtkirche-geretsried.de\/nk\/wp-json\/wp\/v2\/media?parent=239"}],"wp:term":[{"taxonomy":"category","embeddable":true,"href":"https:\/\/stadtkirche-geretsried.de\/nk\/wp-json\/wp\/v2\/categories?post=239"},{"taxonomy":"post_tag","embeddable":true,"href":"https:\/\/stadtkirche-geretsried.de\/nk\/wp-json\/wp\/v2\/tags?post=239"}],"curies":[{"name":"wp","href":"https:\/\/api.w.org\/{rel}","templated":true}]}}