{"id":218,"date":"2020-06-14T10:51:53","date_gmt":"2020-06-14T08:51:53","guid":{"rendered":"https:\/\/stadtkirche-geretsried.de\/nk\/?p=218"},"modified":"2020-06-14T11:04:29","modified_gmt":"2020-06-14T09:04:29","slug":"das-doppelmedaillon","status":"publish","type":"post","link":"https:\/\/stadtkirche-geretsried.de\/nk\/das-doppelmedaillon\/","title":{"rendered":"Das Doppelmedaillon"},"content":{"rendered":"\n<div class=\"wp-block-image\"><figure class=\"aligncenter size-full is-resized\"><a href=\"https:\/\/stadtkirche-geretsried.de\/nk\/wp-content\/uploads\/2020\/06\/Nikolauskapelle-20.jpg\"><img loading=\"lazy\" decoding=\"async\" src=\"https:\/\/stadtkirche-geretsried.de\/nk\/wp-content\/uploads\/2020\/06\/Nikolauskapelle-20.jpg\" alt=\"\" class=\"wp-image-221\" width=\"300\" height=\"200\" srcset=\"https:\/\/stadtkirche-geretsried.de\/nk\/wp-content\/uploads\/2020\/06\/Nikolauskapelle-20.jpg 1000w, https:\/\/stadtkirche-geretsried.de\/nk\/wp-content\/uploads\/2020\/06\/Nikolauskapelle-20-300x200.jpg 300w, https:\/\/stadtkirche-geretsried.de\/nk\/wp-content\/uploads\/2020\/06\/Nikolauskapelle-20-768x512.jpg 768w, https:\/\/stadtkirche-geretsried.de\/nk\/wp-content\/uploads\/2020\/06\/Nikolauskapelle-20-624x416.jpg 624w\" sizes=\"(max-width: 300px) 100vw, 300px\" \/><\/a><figcaption>Das Doppelmedaillon im Auszug des Altares der St.Nikolaus-Kapelle mit dem Heiligen Emmeram und der Heiligen Maria-Magdalena.<\/figcaption><\/figure><\/div>\n\n\n\n<p>Im Doppelmedaillon im Auszug ist auf der linken Seite der Heilige Emmeram und auf der rechten die Heilige Maria-Magdalena dargestellt.<\/p>\n\n\n\n<div class=\"wp-block-columns is-layout-flex wp-container-core-columns-layout-1 wp-block-columns-is-layout-flex\">\n<div class=\"wp-block-column is-layout-flow wp-block-column-is-layout-flow\">\n<div class=\"wp-block-image\"><figure class=\"aligncenter size-full is-resized\"><img loading=\"lazy\" decoding=\"async\" src=\"https:\/\/stadtkirche-geretsried.de\/nk\/wp-content\/uploads\/2020\/06\/Emmeram_Aa_Lum.jpg\" alt=\"\" class=\"wp-image-222\" width=\"200\" height=\"266\" srcset=\"https:\/\/stadtkirche-geretsried.de\/nk\/wp-content\/uploads\/2020\/06\/Emmeram_Aa_Lum.jpg 1000w, https:\/\/stadtkirche-geretsried.de\/nk\/wp-content\/uploads\/2020\/06\/Emmeram_Aa_Lum-225x300.jpg 225w, https:\/\/stadtkirche-geretsried.de\/nk\/wp-content\/uploads\/2020\/06\/Emmeram_Aa_Lum-768x1024.jpg 768w, https:\/\/stadtkirche-geretsried.de\/nk\/wp-content\/uploads\/2020\/06\/Emmeram_Aa_Lum-624x832.jpg 624w\" sizes=\"(max-width: 200px) 100vw, 200px\" \/><figcaption>Heiliger Emmeram<\/figcaption><\/figure><\/div>\n<\/div>\n\n\n\n<div class=\"wp-block-column is-layout-flow wp-block-column-is-layout-flow\">\n<div class=\"wp-block-image\"><figure class=\"aligncenter size-large is-resized\"><img loading=\"lazy\" decoding=\"async\" src=\"https:\/\/stadtkirche-geretsried.de\/nk\/wp-content\/uploads\/2020\/06\/MarMagd_Aa_Lum-767x1024.jpg\" alt=\"\" class=\"wp-image-223\" width=\"200\" height=\"266\" srcset=\"https:\/\/stadtkirche-geretsried.de\/nk\/wp-content\/uploads\/2020\/06\/MarMagd_Aa_Lum-767x1024.jpg 767w, https:\/\/stadtkirche-geretsried.de\/nk\/wp-content\/uploads\/2020\/06\/MarMagd_Aa_Lum-225x300.jpg 225w, https:\/\/stadtkirche-geretsried.de\/nk\/wp-content\/uploads\/2020\/06\/MarMagd_Aa_Lum-768x1025.jpg 768w, https:\/\/stadtkirche-geretsried.de\/nk\/wp-content\/uploads\/2020\/06\/MarMagd_Aa_Lum-624x833.jpg 624w, https:\/\/stadtkirche-geretsried.de\/nk\/wp-content\/uploads\/2020\/06\/MarMagd_Aa_Lum.jpg 1000w\" sizes=\"(max-width: 200px) 100vw, 200px\" \/><figcaption>Heilige Maria-Magdalena<\/figcaption><\/figure><\/div>\n<\/div>\n<\/div>\n\n\n\n<p>Rechts auf dem Medaillon ist die Heilige Maria-Magdalena mit Kreuz, Totenkopf und Salbengef\u00e4\u00df dargestellt. Sie f\u00fchrte ein s\u00fcndiges Leben bis ihr Christus begegnete. Der Herr trieb ihr sieben b\u00f6se Geister aus und vergab ihr ihre S\u00fcnden. Maria-Magdalena war die erste, der der Auferstandene erschien. Sie ist Schutzherrin der Frauen, der reuigen S\u00fcnderinnen und der Verf\u00fchrten. Auch Apotheker, Parf\u00fcmeure, Friseure und G\u00e4rtner haben sie zu ihrer Patronin erw\u00e4hlt.<\/p>\n\n\n\n<p>Das Patrozinium des Heiligen Emmeram wird am 22. September, das der Heiligen Maria-Magdalena am 22. Juli gefeiert.<\/p>\n","protected":false},"excerpt":{"rendered":"<p>Im Doppelmedaillon im Auszug ist auf der linken Seite der Heilige Emmeram und auf der rechten die Heilige Maria-Magdalena dargestellt. Rechts auf dem Medaillon ist die Heilige Maria-Magdalena mit Kreuz, Totenkopf und Salbengef\u00e4\u00df dargestellt. Sie f\u00fchrte ein s\u00fcndiges Leben bis ihr Christus begegnete. Der Herr trieb ihr sieben b\u00f6se Geister aus und vergab ihr ihre [&hellip;]<\/p>\n","protected":false},"author":1,"featured_media":0,"comment_status":"closed","ping_status":"closed","sticky":false,"template":"","format":"standard","meta":{"footnotes":""},"categories":[1],"tags":[],"_links":{"self":[{"href":"https:\/\/stadtkirche-geretsried.de\/nk\/wp-json\/wp\/v2\/posts\/218"}],"collection":[{"href":"https:\/\/stadtkirche-geretsried.de\/nk\/wp-json\/wp\/v2\/posts"}],"about":[{"href":"https:\/\/stadtkirche-geretsried.de\/nk\/wp-json\/wp\/v2\/types\/post"}],"author":[{"embeddable":true,"href":"https:\/\/stadtkirche-geretsried.de\/nk\/wp-json\/wp\/v2\/users\/1"}],"replies":[{"embeddable":true,"href":"https:\/\/stadtkirche-geretsried.de\/nk\/wp-json\/wp\/v2\/comments?post=218"}],"version-history":[{"count":4,"href":"https:\/\/stadtkirche-geretsried.de\/nk\/wp-json\/wp\/v2\/posts\/218\/revisions"}],"predecessor-version":[{"id":228,"href":"https:\/\/stadtkirche-geretsried.de\/nk\/wp-json\/wp\/v2\/posts\/218\/revisions\/228"}],"wp:attachment":[{"href":"https:\/\/stadtkirche-geretsried.de\/nk\/wp-json\/wp\/v2\/media?parent=218"}],"wp:term":[{"taxonomy":"category","embeddable":true,"href":"https:\/\/stadtkirche-geretsried.de\/nk\/wp-json\/wp\/v2\/categories?post=218"},{"taxonomy":"post_tag","embeddable":true,"href":"https:\/\/stadtkirche-geretsried.de\/nk\/wp-json\/wp\/v2\/tags?post=218"}],"curies":[{"name":"wp","href":"https:\/\/api.w.org\/{rel}","templated":true}]}}